{"id":1546,"date":"2013-11-18T16:03:04","date_gmt":"2013-11-18T16:03:04","guid":{"rendered":"http:\/\/prominet.pl\/?p=1546"},"modified":"2020-06-19T08:52:09","modified_gmt":"2020-06-19T08:52:09","slug":"oczekiwania-wobec-pracownikow-dzialu-personalnego-hr","status":"publish","type":"post","link":"https:\/\/prominet.pl\/?p=1546","title":{"rendered":"Oczekiwania wobec pracownik\u00f3w dzia\u0142u personalnego (HR)"},"content":{"rendered":"<p style=\"text-align: justify;\"><strong>Najwi\u0119kszym kapita\u0142em ka\u017cdej firmy s\u0105 ludzie, jej pracownicy. A \u0142\u0105cznikiem pomi\u0119dzy nimi i zarz\u0105dem jest dzia\u0142 personalny \u2013 dlatego w\u0142a\u015bnie stanowi on kluczowy element ka\u017cdej organizacji. Jakie kompetencje i kwalifikacje powinni posiada\u0107 jego pracownicy?<\/strong><\/p>\n<p style=\"text-align: justify;\">\n<p style=\"text-align: justify;\"><strong>Jak\u0105 rol\u0119 pe\u0142ni dzia\u0142 HR?<\/strong><\/p>\n<p style=\"text-align: justify;\">&nbsp;Dzia\u0142 personalny stara si\u0119 \u0142\u0105czy\u0107 interesy firmy z indywidualnymi interesami jej poszczeg\u00f3lnych pracownik\u00f3w. Jego g\u0142\u00f3wnym zadaniem jest pozyskiwanie takich os\u00f3b, kt\u00f3re w efektywny spos\u00f3b b\u0119d\u0105 realizowa\u0107 cele biznesowe organizacji. Dlatego w\u0142a\u015bnie tzw. HR-owcy d\u0105\u017c\u0105 do optymalizacji proces\u00f3w rekrutacyjnych (wewn\u0119trznych i zewn\u0119trznych) oraz dokonuj\u0105 regularnej oceny potencja\u0142u pracownik\u00f3w i przyczyniaj\u0105 si\u0119 do podnoszenia ich kompetencji poprzez kierowanie na r\u00f3\u017cnego rodzaju szkolenia zawodowe i personalne. Dbaj\u0105 r\u00f3wnie\u017c o sprawno\u015b\u0107 systemu komunikacji wewn\u0119trznej, jak r\u00f3wnie\u017c o w\u0142a\u015bciw\u0105, przyjemn\u0105 atmosfer\u0119 pracy.<\/p>\n<p style=\"text-align: justify;\"><strong>&nbsp;&nbsp;<\/strong><\/p>\n<p style=\"text-align: justify;\"><strong>Wymagania wobec pracownik\u00f3w dzia\u0142u HR<\/strong><\/p>\n<p style=\"text-align: justify;\">&nbsp;Jak wynika z analizy aktualnych og\u0142osze\u0144 rekrutacyjnych, kandydat ubiegaj\u0105cy si\u0119 o prac\u0119na stanowisku Pracownik Dzia\u0142u Personalnego powinien:<\/p>\n<ul style=\"text-align: justify;\">\n<li>mie\u0107 minimum wykszta\u0142cenie policealne o profilu administracyjnym lub wy\u017csze (prawo, psychologia, ekonomia, zarz\u0105dzanie zasobami ludzkimi),<\/li>\n<li>zna\u0107 w stopniu dobrym j. angielski,<\/li>\n<li>umie\u0107 obs\u0142ugiwa\u0107 programy komputerowe \u2013 pakiet MS Office oraz programy kadrowe (m.in. Symfonia, Comarch Optima, TETA Personel)<\/li>\n<li>orientowa\u0107 si\u0119 w przepisach prawa pracy i przepisach ubezpieczeniowych,<\/li>\n<li>cechowa\u0107 si\u0119 komunikatywno\u015bci\u0105, solidno\u015bci\u0105, dok\u0142adno\u015bci\u0105, samodzielno\u015bci\u0105, odpowiedzialno\u015bci\u0105i umiej\u0119tno\u015bci\u0105 wsp\u00f3\u0142pracy z innymi pracownikami<\/li>\n<\/ul>\n","protected":false},"excerpt":{"rendered":"<p>Najwi\u0119kszym kapita\u0142em ka\u017cdej firmy s\u0105 ludzie, jej pracownicy. A \u0142\u0105cznikiem pomi\u0119dzy nimi i zarz\u0105dem jest dzia\u0142 personalny \u2013 dlatego w\u0142a\u015bnie stanowi on kluczowy element ka\u017cdej organizacji. Jakie kompetencje i kwalifikacje powinni posiada\u0107 jego pracownicy? Jak\u0105 rol\u0119 pe\u0142ni dzia\u0142 HR? &nbsp;Dzia\u0142 personalny stara si\u0119 \u0142\u0105czy\u0107 interesy firmy z indywidualnymi interesami jej poszczeg\u00f3lnych pracownik\u00f3w. Jego g\u0142\u00f3wnym zadaniem &hellip; <a href=\"https:\/\/prominet.pl\/?p=1546\" class=\"more-link\">Continue reading<span class=\"screen-reader-text\"> &#8222;Oczekiwania wobec pracownik\u00f3w dzia\u0142u personalnego (HR)&#8221;<\/span><\/a><\/p>\n","protected":false},"author":10,"featured_media":0,"comment_status":"closed","ping_status":"closed","sticky":false,"template":"","format":"standard","meta":{"_monsterinsights_skip_tracking":false,"_monsterinsights_sitenote_active":false,"_monsterinsights_sitenote_note":"","_monsterinsights_sitenote_category":0,"_links_to":"","_links_to_target":""},"categories":[18,31],"tags":[20,38,37],"_links":{"self":[{"href":"https:\/\/prominet.pl\/index.php?rest_route=\/wp\/v2\/posts\/1546"}],"collection":[{"href":"https:\/\/prominet.pl\/index.php?rest_route=\/wp\/v2\/posts"}],"about":[{"href":"https:\/\/prominet.pl\/index.php?rest_route=\/wp\/v2\/types\/post"}],"author":[{"embeddable":true,"href":"https:\/\/prominet.pl\/index.php?rest_route=\/wp\/v2\/users\/10"}],"replies":[{"embeddable":true,"href":"https:\/\/prominet.pl\/index.php?rest_route=%2Fwp%2Fv2%2Fcomments&post=1546"}],"version-history":[{"count":4,"href":"https:\/\/prominet.pl\/index.php?rest_route=\/wp\/v2\/posts\/1546\/revisions"}],"predecessor-version":[{"id":2095,"href":"https:\/\/prominet.pl\/index.php?rest_route=\/wp\/v2\/posts\/1546\/revisions\/2095"}],"wp:attachment":[{"href":"https:\/\/prominet.pl\/index.php?rest_route=%2Fwp%2Fv2%2Fmedia&parent=1546"}],"wp:term":[{"taxonomy":"category","embeddable":true,"href":"https:\/\/prominet.pl\/index.php?rest_route=%2Fwp%2Fv2%2Fcategories&post=1546"},{"taxonomy":"post_tag","embeddable":true,"href":"https:\/\/prominet.pl\/index.php?rest_route=%2Fwp%2Fv2%2Ftags&post=1546"}],"curies":[{"name":"wp","href":"https:\/\/api.w.org\/{rel}","templated":true}]}}